{"id":1193,"date":"2026-09-02T17:42:34","date_gmt":"2026-09-02T15:42:34","guid":{"rendered":"https:\/\/revuemilitairesuisse.ch\/?p=1193"},"modified":"2026-09-02T17:42:34","modified_gmt":"2026-09-02T15:42:34","slug":"face-aux-conflits-hybrides-larmee-suisse-a-lheure-de-la-defense-multi-domaines","status":"publish","type":"post","link":"https:\/\/revuemilitairesuisse.ch\/de\/face-aux-conflits-hybrides-larmee-suisse-a-lheure-de-la-defense-multi-domaines\/","title":{"rendered":"Face aux conflits hybrides : l\u2019Arm\u00e9e suisse \u00e0 l\u2019heure de la d\u00e9fense multi-domaines"},"content":{"rendered":"<section\n\tclass=\"block\tblock-text\tbackground-grey\tno-background\t\tone-column\">\n\t<div class=\"block-inner block-text-inner\">\n\t\t<div class=\"columns\">\n\t\t\t\n\t\t\t<div class=\"column\">\n\t\t\t\t<div class=\"block-content block-content-body\"><p><span data-olk-copy-source=\"MessageBody\">Dans cet article, le brigadier Hans-Jakob Reichen, chef du D\u00e9veloppement de l\u2019Arm\u00e9e, retrace l\u2019\u00e9volution de la notion de conflit hybride et ses cons\u00e9quences pour l\u2019Arm\u00e9e suisse. Face \u00e0 des menaces qui combinent moyens militaires et non militaires, actions cyber, d\u00e9sinformation, influence ou encore forces irr\u00e9guli\u00e8res, il plaide pour une d\u00e9fense capable d\u2019agir dans plusieurs domaines simultan\u00e9ment et pour une coop\u00e9ration renforc\u00e9e entre acteurs militaires et civils. Une r\u00e9flexion sur l\u2019adaptation de la doctrine et des structures de l\u2019arm\u00e9e que la RMS vous propose de d\u00e9couvrir en lecture libre.<\/span><\/p>\n<\/div>\n<div class=\"block-content block-content-buttons buttons\">\n\t\t\t<a href=\"https:\/\/revuemilitairesuisse.ch\/de\/app\/uploads\/2026\/09\/RMS_2026-05-article.pdf\/\" class=\"button button-ghost\" target=\"_blank\">\n\t\t\tLire l'article\t\t<\/a>\n\t\t\t<a href=\"https:\/\/revuemilitairesuisse.ch\/de\/boutique\/rms-5-2026\/\" class=\"button button-ghost\" target=\"\">\n\t\t\tZeitschrift kaufen\t\t<\/a>\n\t<\/div>\n\t\t\t<\/div>\n\n\t\t\t\t\t<\/div>\n\t<\/div>\n<\/section>","protected":false},"excerpt":{"rendered":"Dans cet article, le brigadier Hans-Jakob Reichen, chef du D\u00e9veloppement de l\u2019Arm\u00e9e, retrace l\u2019\u00e9volution de la notion de conflit hybride et ses cons\u00e9quences pour l\u2019Arm\u00e9e suisse. Face \u00e0 des menaces qui combinent moyens militaires et non militaires, actions cyber, d\u00e9sinformation, influence ou encore forces irr\u00e9guli\u00e8res, il plaide pour une d\u00e9fense capable d\u2019agir dans plusieurs domaines","protected":false},"author":5,"featured_media":1192,"comment_status":"closed","ping_status":"closed","sticky":false,"template":"","format":"standard","meta":{"_acf_changed":false,"footnotes":""},"categories":[43],"tags":[],"class_list":["post-1193","post","type-post","status-publish","format-standard","has-post-thumbnail","hentry","category-revue-5-26"],"acf":[],"yoast_head":"<!-- This site is optimized with the Yoast SEO plugin v28.4 - https:\/\/yoast.com\/product\/yoast-seo-wordpress\/ -->\n<title>Face aux conflits hybrides : l\u2019Arm\u00e9e suisse \u00e0 l\u2019heure de la d\u00e9fense multi-domaines - Revue Militaire Suisse<\/title>\n<meta name=\"robots\" content=\"index, follow, max-snippet:-1, max-image-preview:large, max-video-preview:-1\" \/>\n<link rel=\"canonical\" href=\"https:\/\/revuemilitairesuisse.ch\/de\/face-aux-conflits-hybrides-larmee-suisse-a-lheure-de-la-defense-multi-domaines\/\" \/>\n<meta property=\"og:locale\" content=\"de_DE\" \/>\n<meta property=\"og:type\" content=\"article\" \/>\n<meta property=\"og:title\" content=\"Face aux conflits hybrides : l\u2019Arm\u00e9e suisse \u00e0 l\u2019heure de la d\u00e9fense multi-domaines - Revue Militaire Suisse\" \/>\n<meta property=\"og:description\" content=\"Dans cet article, le brigadier Hans-Jakob Reichen, chef du D\u00e9veloppement de l\u2019Arm\u00e9e, retrace l\u2019\u00e9volution de la notion de conflit hybride et ses cons\u00e9quences pour l\u2019Arm\u00e9e suisse. Face \u00e0 des menaces qui combinent moyens militaires et non militaires, actions cyber, d\u00e9sinformation, influence ou encore forces irr\u00e9guli\u00e8res, il plaide pour une d\u00e9fense capable d\u2019agir dans plusieurs domaines [&hellip;]\" \/>\n<meta property=\"og:url\" content=\"https:\/\/revuemilitairesuisse.ch\/de\/face-aux-conflits-hybrides-larmee-suisse-a-lheure-de-la-defense-multi-domaines\/\" \/>\n<meta property=\"og:site_name\" content=\"Revue Militaire Suisse\" \/>\n<meta property=\"article:publisher\" content=\"https:\/\/www.facebook.com\/revuemilitairesuisse\/\" \/>\n<meta property=\"article:published_time\" content=\"2026-09-02T15:42:34+00:00\" \/>\n<meta property=\"og:image\" content=\"https:\/\/revuemilitairesuisse.ch\/app\/uploads\/2026\/09\/RMS_2026-05_Page_01.png\" \/>\n\t<meta property=\"og:image:width\" content=\"794\" \/>\n\t<meta property=\"og:image:height\" content=\"1123\" \/>\n\t<meta property=\"og:image:type\" content=\"image\/png\" \/>\n<meta name=\"author\" content=\"Lo\u00efc Martinella\" \/>\n<meta name=\"twitter:card\" content=\"summary_large_image\" \/>\n<meta name=\"twitter:label1\" content=\"Verfasst von\" \/>\n\t<meta name=\"twitter:data1\" content=\"Lo\u00efc Martinella\" \/>\n\t<meta name=\"twitter:label2\" content=\"Gesch\u00e4tzte Lesezeit\" \/>\n\t<meta name=\"twitter:data2\" content=\"1\u00a0Minute\" \/>\n<script type=\"application\/ld+json\" class=\"yoast-schema-graph\">{\"@context\":\"https:\\\/\\\/schema.org\",\"@graph\":[{\"@type\":\"Article\",\"@id\":\"https:\\\/\\\/revuemilitairesuisse.ch\\\/face-aux-conflits-hybrides-larmee-suisse-a-lheure-de-la-defense-multi-domaines\\\/#article\",\"isPartOf\":{\"@id\":\"https:\\\/\\\/revuemilitairesuisse.ch\\\/face-aux-conflits-hybrides-larmee-suisse-a-lheure-de-la-defense-multi-domaines\\\/\"},\"author\":{\"name\":\"Lo\u00efc Martinella\",\"@id\":\"https:\\\/\\\/revuemilitairesuisse.ch\\\/#\\\/schema\\\/person\\\/166e9bcfc1a92068f2e6a7bdfed25b3e\"},\"headline\":\"Face aux conflits hybrides : l\u2019Arm\u00e9e suisse \u00e0 l\u2019heure de la d\u00e9fense multi-domaines\",\"datePublished\":\"2026-09-02T15:42:34+00:00\",\"mainEntityOfPage\":{\"@id\":\"https:\\\/\\\/revuemilitairesuisse.ch\\\/face-aux-conflits-hybrides-larmee-suisse-a-lheure-de-la-defense-multi-domaines\\\/\"},\"wordCount\":122,\"publisher\":{\"@id\":\"https:\\\/\\\/revuemilitairesuisse.ch\\\/#organization\"},\"image\":{\"@id\":\"https:\\\/\\\/revuemilitairesuisse.ch\\\/face-aux-conflits-hybrides-larmee-suisse-a-lheure-de-la-defense-multi-domaines\\\/#primaryimage\"},\"thumbnailUrl\":\"https:\\\/\\\/revuemilitairesuisse.ch\\\/app\\\/uploads\\\/2026\\\/09\\\/RMS_2026-05_Page_01.png\",\"articleSection\":[\"Revue 5\\\/26\"],\"inLanguage\":\"de\"},{\"@type\":\"WebPage\",\"@id\":\"https:\\\/\\\/revuemilitairesuisse.ch\\\/face-aux-conflits-hybrides-larmee-suisse-a-lheure-de-la-defense-multi-domaines\\\/\",\"url\":\"https:\\\/\\\/revuemilitairesuisse.ch\\\/face-aux-conflits-hybrides-larmee-suisse-a-lheure-de-la-defense-multi-domaines\\\/\",\"name\":\"Face aux conflits hybrides : l\u2019Arm\u00e9e suisse \u00e0 l\u2019heure de la d\u00e9fense multi-domaines - Revue Militaire Suisse\",\"isPartOf\":{\"@id\":\"https:\\\/\\\/revuemilitairesuisse.ch\\\/#website\"},\"primaryImageOfPage\":{\"@id\":\"https:\\\/\\\/revuemilitairesuisse.ch\\\/face-aux-conflits-hybrides-larmee-suisse-a-lheure-de-la-defense-multi-domaines\\\/#primaryimage\"},\"image\":{\"@id\":\"https:\\\/\\\/revuemilitairesuisse.ch\\\/face-aux-conflits-hybrides-larmee-suisse-a-lheure-de-la-defense-multi-domaines\\\/#primaryimage\"},\"thumbnailUrl\":\"https:\\\/\\\/revuemilitairesuisse.ch\\\/app\\\/uploads\\\/2026\\\/09\\\/RMS_2026-05_Page_01.png\",\"datePublished\":\"2026-09-02T15:42:34+00:00\",\"breadcrumb\":{\"@id\":\"https:\\\/\\\/revuemilitairesuisse.ch\\\/face-aux-conflits-hybrides-larmee-suisse-a-lheure-de-la-defense-multi-domaines\\\/#breadcrumb\"},\"inLanguage\":\"de\",\"potentialAction\":[{\"@type\":\"ReadAction\",\"target\":[\"https:\\\/\\\/revuemilitairesuisse.ch\\\/face-aux-conflits-hybrides-larmee-suisse-a-lheure-de-la-defense-multi-domaines\\\/\"]}]},{\"@type\":\"ImageObject\",\"inLanguage\":\"de\",\"@id\":\"https:\\\/\\\/revuemilitairesuisse.ch\\\/face-aux-conflits-hybrides-larmee-suisse-a-lheure-de-la-defense-multi-domaines\\\/#primaryimage\",\"url\":\"https:\\\/\\\/revuemilitairesuisse.ch\\\/app\\\/uploads\\\/2026\\\/09\\\/RMS_2026-05_Page_01.png\",\"contentUrl\":\"https:\\\/\\\/revuemilitairesuisse.ch\\\/app\\\/uploads\\\/2026\\\/09\\\/RMS_2026-05_Page_01.png\",\"width\":794,\"height\":1123},{\"@type\":\"BreadcrumbList\",\"@id\":\"https:\\\/\\\/revuemilitairesuisse.ch\\\/face-aux-conflits-hybrides-larmee-suisse-a-lheure-de-la-defense-multi-domaines\\\/#breadcrumb\",\"itemListElement\":[{\"@type\":\"ListItem\",\"position\":1,\"name\":\"Accueil\",\"item\":\"https:\\\/\\\/revuemilitairesuisse.ch\\\/\"},{\"@type\":\"ListItem\",\"position\":2,\"name\":\"Face aux conflits hybrides : l\u2019Arm\u00e9e suisse \u00e0 l\u2019heure de la d\u00e9fense multi-domaines\"}]},{\"@type\":\"WebSite\",\"@id\":\"https:\\\/\\\/revuemilitairesuisse.ch\\\/#website\",\"url\":\"https:\\\/\\\/revuemilitairesuisse.ch\\\/\",\"name\":\"Revue Militaire Suisse\",\"description\":\"\",\"publisher\":{\"@id\":\"https:\\\/\\\/revuemilitairesuisse.ch\\\/#organization\"},\"potentialAction\":[{\"@type\":\"SearchAction\",\"target\":{\"@type\":\"EntryPoint\",\"urlTemplate\":\"https:\\\/\\\/revuemilitairesuisse.ch\\\/?s={search_term_string}\"},\"query-input\":{\"@type\":\"PropertyValueSpecification\",\"valueRequired\":true,\"valueName\":\"search_term_string\"}}],\"inLanguage\":\"de\"},{\"@type\":\"Organization\",\"@id\":\"https:\\\/\\\/revuemilitairesuisse.ch\\\/#organization\",\"name\":\"Revue Militaire Suisse\",\"url\":\"https:\\\/\\\/revuemilitairesuisse.ch\\\/\",\"logo\":{\"@type\":\"ImageObject\",\"inLanguage\":\"de\",\"@id\":\"https:\\\/\\\/revuemilitairesuisse.ch\\\/#\\\/schema\\\/logo\\\/image\\\/\",\"url\":\"https:\\\/\\\/revuemilitairesuisse.ch\\\/app\\\/uploads\\\/2025\\\/07\\\/logoRMS-trans.svg\",\"contentUrl\":\"https:\\\/\\\/revuemilitairesuisse.ch\\\/app\\\/uploads\\\/2025\\\/07\\\/logoRMS-trans.svg\",\"caption\":\"Revue Militaire Suisse\"},\"image\":{\"@id\":\"https:\\\/\\\/revuemilitairesuisse.ch\\\/#\\\/schema\\\/logo\\\/image\\\/\"},\"sameAs\":[\"https:\\\/\\\/www.facebook.com\\\/revuemilitairesuisse\\\/\"]},{\"@type\":\"Person\",\"@id\":\"https:\\\/\\\/revuemilitairesuisse.ch\\\/#\\\/schema\\\/person\\\/166e9bcfc1a92068f2e6a7bdfed25b3e\",\"name\":\"Lo\u00efc Martinella\",\"image\":{\"@type\":\"ImageObject\",\"inLanguage\":\"de\",\"@id\":\"https:\\\/\\\/secure.gravatar.com\\\/avatar\\\/82933e50ef100a524bd8f385a2c7cd84acc18fd83b0b9609cd101dcbbc6bc529?s=96&d=mm&r=g\",\"url\":\"https:\\\/\\\/secure.gravatar.com\\\/avatar\\\/82933e50ef100a524bd8f385a2c7cd84acc18fd83b0b9609cd101dcbbc6bc529?s=96&d=mm&r=g\",\"contentUrl\":\"https:\\\/\\\/secure.gravatar.com\\\/avatar\\\/82933e50ef100a524bd8f385a2c7cd84acc18fd83b0b9609cd101dcbbc6bc529?s=96&d=mm&r=g\",\"caption\":\"Lo\u00efc Martinella\"},\"url\":\"https:\\\/\\\/revuemilitairesuisse.ch\\\/de\\\/author\\\/loic-martinellastraty-ch\\\/\"}]}<\/script>\n<!-- \/ Yoast SEO plugin. -->","yoast_head_json":{"title":"Face aux conflits hybrides : l\u2019Arm\u00e9e suisse \u00e0 l\u2019heure de la d\u00e9fense multi-domaines - Revue Militaire Suisse","robots":{"index":"index","follow":"follow","max-snippet":"max-snippet:-1","max-image-preview":"max-image-preview:large","max-video-preview":"max-video-preview:-1"},"canonical":"https:\/\/revuemilitairesuisse.ch\/de\/face-aux-conflits-hybrides-larmee-suisse-a-lheure-de-la-defense-multi-domaines\/","og_locale":"de_DE","og_type":"article","og_title":"Face aux conflits hybrides : l\u2019Arm\u00e9e suisse \u00e0 l\u2019heure de la d\u00e9fense multi-domaines - Revue Militaire Suisse","og_description":"Dans cet article, le brigadier Hans-Jakob Reichen, chef du D\u00e9veloppement de l\u2019Arm\u00e9e, retrace l\u2019\u00e9volution de la notion de conflit hybride et ses cons\u00e9quences pour l\u2019Arm\u00e9e suisse. Face \u00e0 des menaces qui combinent moyens militaires et non militaires, actions cyber, d\u00e9sinformation, influence ou encore forces irr\u00e9guli\u00e8res, il plaide pour une d\u00e9fense capable d\u2019agir dans plusieurs domaines [&hellip;]","og_url":"https:\/\/revuemilitairesuisse.ch\/de\/face-aux-conflits-hybrides-larmee-suisse-a-lheure-de-la-defense-multi-domaines\/","og_site_name":"Revue Militaire Suisse","article_publisher":"https:\/\/www.facebook.com\/revuemilitairesuisse\/","article_published_time":"2026-09-02T15:42:34+00:00","og_image":[{"width":794,"height":1123,"url":"https:\/\/revuemilitairesuisse.ch\/app\/uploads\/2026\/09\/RMS_2026-05_Page_01.png","type":"image\/png"}],"author":"Lo\u00efc Martinella","twitter_card":"summary_large_image","twitter_misc":{"Verfasst von":"Lo\u00efc Martinella","Gesch\u00e4tzte Lesezeit":"1\u00a0Minute"},"schema":{"@context":"https:\/\/schema.org","@graph":[{"@type":"Article","@id":"https:\/\/revuemilitairesuisse.ch\/face-aux-conflits-hybrides-larmee-suisse-a-lheure-de-la-defense-multi-domaines\/#article","isPartOf":{"@id":"https:\/\/revuemilitairesuisse.ch\/face-aux-conflits-hybrides-larmee-suisse-a-lheure-de-la-defense-multi-domaines\/"},"author":{"name":"Lo\u00efc Martinella","@id":"https:\/\/revuemilitairesuisse.ch\/#\/schema\/person\/166e9bcfc1a92068f2e6a7bdfed25b3e"},"headline":"Face aux conflits hybrides : l\u2019Arm\u00e9e suisse \u00e0 l\u2019heure de la d\u00e9fense multi-domaines","datePublished":"2026-09-02T15:42:34+00:00","mainEntityOfPage":{"@id":"https:\/\/revuemilitairesuisse.ch\/face-aux-conflits-hybrides-larmee-suisse-a-lheure-de-la-defense-multi-domaines\/"},"wordCount":122,"publisher":{"@id":"https:\/\/revuemilitairesuisse.ch\/#organization"},"image":{"@id":"https:\/\/revuemilitairesuisse.ch\/face-aux-conflits-hybrides-larmee-suisse-a-lheure-de-la-defense-multi-domaines\/#primaryimage"},"thumbnailUrl":"https:\/\/revuemilitairesuisse.ch\/app\/uploads\/2026\/09\/RMS_2026-05_Page_01.png","articleSection":["Revue 5\/26"],"inLanguage":"de"},{"@type":"WebPage","@id":"https:\/\/revuemilitairesuisse.ch\/face-aux-conflits-hybrides-larmee-suisse-a-lheure-de-la-defense-multi-domaines\/","url":"https:\/\/revuemilitairesuisse.ch\/face-aux-conflits-hybrides-larmee-suisse-a-lheure-de-la-defense-multi-domaines\/","name":"Face aux conflits hybrides : l\u2019Arm\u00e9e suisse \u00e0 l\u2019heure de la d\u00e9fense multi-domaines - Revue Militaire Suisse","isPartOf":{"@id":"https:\/\/revuemilitairesuisse.ch\/#website"},"primaryImageOfPage":{"@id":"https:\/\/revuemilitairesuisse.ch\/face-aux-conflits-hybrides-larmee-suisse-a-lheure-de-la-defense-multi-domaines\/#primaryimage"},"image":{"@id":"https:\/\/revuemilitairesuisse.ch\/face-aux-conflits-hybrides-larmee-suisse-a-lheure-de-la-defense-multi-domaines\/#primaryimage"},"thumbnailUrl":"https:\/\/revuemilitairesuisse.ch\/app\/uploads\/2026\/09\/RMS_2026-05_Page_01.png","datePublished":"2026-09-02T15:42:34+00:00","breadcrumb":{"@id":"https:\/\/revuemilitairesuisse.ch\/face-aux-conflits-hybrides-larmee-suisse-a-lheure-de-la-defense-multi-domaines\/#breadcrumb"},"inLanguage":"de","potentialAction":[{"@type":"ReadAction","target":["https:\/\/revuemilitairesuisse.ch\/face-aux-conflits-hybrides-larmee-suisse-a-lheure-de-la-defense-multi-domaines\/"]}]},{"@type":"ImageObject","inLanguage":"de","@id":"https:\/\/revuemilitairesuisse.ch\/face-aux-conflits-hybrides-larmee-suisse-a-lheure-de-la-defense-multi-domaines\/#primaryimage","url":"https:\/\/revuemilitairesuisse.ch\/app\/uploads\/2026\/09\/RMS_2026-05_Page_01.png","contentUrl":"https:\/\/revuemilitairesuisse.ch\/app\/uploads\/2026\/09\/RMS_2026-05_Page_01.png","width":794,"height":1123},{"@type":"BreadcrumbList","@id":"https:\/\/revuemilitairesuisse.ch\/face-aux-conflits-hybrides-larmee-suisse-a-lheure-de-la-defense-multi-domaines\/#breadcrumb","itemListElement":[{"@type":"ListItem","position":1,"name":"Accueil","item":"https:\/\/revuemilitairesuisse.ch\/"},{"@type":"ListItem","position":2,"name":"Face aux conflits hybrides : l\u2019Arm\u00e9e suisse \u00e0 l\u2019heure de la d\u00e9fense multi-domaines"}]},{"@type":"WebSite","@id":"https:\/\/revuemilitairesuisse.ch\/#website","url":"https:\/\/revuemilitairesuisse.ch\/","name":"Revue Militaire Suisse","description":"","publisher":{"@id":"https:\/\/revuemilitairesuisse.ch\/#organization"},"potentialAction":[{"@type":"SearchAction","target":{"@type":"EntryPoint","urlTemplate":"https:\/\/revuemilitairesuisse.ch\/?s={search_term_string}"},"query-input":{"@type":"PropertyValueSpecification","valueRequired":true,"valueName":"search_term_string"}}],"inLanguage":"de"},{"@type":"Organization","@id":"https:\/\/revuemilitairesuisse.ch\/#organization","name":"Revue Militaire Suisse","url":"https:\/\/revuemilitairesuisse.ch\/","logo":{"@type":"ImageObject","inLanguage":"de","@id":"https:\/\/revuemilitairesuisse.ch\/#\/schema\/logo\/image\/","url":"https:\/\/revuemilitairesuisse.ch\/app\/uploads\/2025\/07\/logoRMS-trans.svg","contentUrl":"https:\/\/revuemilitairesuisse.ch\/app\/uploads\/2025\/07\/logoRMS-trans.svg","caption":"Revue Militaire Suisse"},"image":{"@id":"https:\/\/revuemilitairesuisse.ch\/#\/schema\/logo\/image\/"},"sameAs":["https:\/\/www.facebook.com\/revuemilitairesuisse\/"]},{"@type":"Person","@id":"https:\/\/revuemilitairesuisse.ch\/#\/schema\/person\/166e9bcfc1a92068f2e6a7bdfed25b3e","name":"Lo\u00efc Martinella","image":{"@type":"ImageObject","inLanguage":"de","@id":"https:\/\/secure.gravatar.com\/avatar\/82933e50ef100a524bd8f385a2c7cd84acc18fd83b0b9609cd101dcbbc6bc529?s=96&d=mm&r=g","url":"https:\/\/secure.gravatar.com\/avatar\/82933e50ef100a524bd8f385a2c7cd84acc18fd83b0b9609cd101dcbbc6bc529?s=96&d=mm&r=g","contentUrl":"https:\/\/secure.gravatar.com\/avatar\/82933e50ef100a524bd8f385a2c7cd84acc18fd83b0b9609cd101dcbbc6bc529?s=96&d=mm&r=g","caption":"Lo\u00efc Martinella"},"url":"https:\/\/revuemilitairesuisse.ch\/de\/author\/loic-martinellastraty-ch\/"}]}},"_links":{"self":[{"href":"https:\/\/revuemilitairesuisse.ch\/de\/wp-json\/wp\/v2\/posts\/1193","targetHints":{"allow":["GET"]}}],"collection":[{"href":"https:\/\/revuemilitairesuisse.ch\/de\/wp-json\/wp\/v2\/posts"}],"about":[{"href":"https:\/\/revuemilitairesuisse.ch\/de\/wp-json\/wp\/v2\/types\/post"}],"author":[{"embeddable":true,"href":"https:\/\/revuemilitairesuisse.ch\/de\/wp-json\/wp\/v2\/users\/5"}],"replies":[{"embeddable":true,"href":"https:\/\/revuemilitairesuisse.ch\/de\/wp-json\/wp\/v2\/comments?post=1193"}],"version-history":[{"count":2,"href":"https:\/\/revuemilitairesuisse.ch\/de\/wp-json\/wp\/v2\/posts\/1193\/revisions"}],"predecessor-version":[{"id":1196,"href":"https:\/\/revuemilitairesuisse.ch\/de\/wp-json\/wp\/v2\/posts\/1193\/revisions\/1196"}],"wp:featuredmedia":[{"embeddable":true,"href":"https:\/\/revuemilitairesuisse.ch\/de\/wp-json\/wp\/v2\/media\/1192"}],"wp:attachment":[{"href":"https:\/\/revuemilitairesuisse.ch\/de\/wp-json\/wp\/v2\/media?parent=1193"}],"wp:term":[{"taxonomy":"category","embeddable":true,"href":"https:\/\/revuemilitairesuisse.ch\/de\/wp-json\/wp\/v2\/categories?post=1193"},{"taxonomy":"post_tag","embeddable":true,"href":"https:\/\/revuemilitairesuisse.ch\/de\/wp-json\/wp\/v2\/tags?post=1193"}],"curies":[{"name":"wp","href":"https:\/\/api.w.org\/{rel}","templated":true}]}}